{"id":18835,"date":"2021-06-07T16:02:07","date_gmt":"2021-06-07T23:02:07","guid":{"rendered":"https:\/\/truecare.org\/blog\/cbs-news-8-despues-de-un-comienzo-rezagado-las-vacunas-entre-los-latinos-se-estan-poniendo-al-dia\/"},"modified":"2024-08-27T10:10:34","modified_gmt":"2024-08-27T17:10:34","slug":"cbs-news-8-despues-de-un-comienzo-rezagado-las-vacunas-entre-los-latinos-se-estan-poniendo-al-dia","status":"publish","type":"post","link":"https:\/\/truecare.org\/es\/blog\/cbs-news-8-despues-de-un-comienzo-rezagado-las-vacunas-entre-los-latinos-se-estan-poniendo-al-dia\/","title":{"rendered":"CBS News 8 &#8211; Despu\u00e9s de un comienzo rezagado, las vacunas entre los latinos se est\u00e1n poniendo al d\u00eda"},"content":{"rendered":"<p><strong>TrueCare&#8217;s<\/strong> <a href=\"https:\/\/truecare.org\/about\/#team\">La Dra. Marie Russell<\/a>, CMO \/ COO, se une a CBS 8 para abordar las preocupaciones sobre la vacuna COVID-19 &#8230; <a href=\"https:\/\/www.cbs8.com\/article\/news\/health\/coronavirus\/vaccine\/vaccinations-among-latinos-are-catching-up\/509-4d8ffa95-4b60-49c5-a397-05fab076f0b2\" target=\"_blank\" rel=\"noopener\">m\u00e1s<\/a><\/p>\n<p><a href=\"https:\/\/www.cbs8.com\/video\/news\/health\/coronavirus\/vaccine\/vaccinations-among-latinos-are-catching-up\/509-fd44b043-7aea-4fb9-bc61-7228168fe3e9?jwsource=cl\" target=\"_blank\" rel=\"noopener noreferrer\"><img loading=\"lazy\" decoding=\"async\" class=\"alignnone wp-image-7014 size-medium\" src=\"https:\/\/truecare.org\/wp-content\/uploads\/\/truecare-watchthe-video-yellow-svg-buttons-blog-304x54-1.svg\" alt=\"truecare averiguar m\u00e1s bot\u00f3n\" width=\"300\" height=\"57\" \/><\/a><\/p>\n<h2>COVID-19 Actualizaciones:<\/h2>\n<p><strong>Obtenga m\u00e1s informaci\u00f3n sobre la vacuna COVID-19:<\/strong><\/p>\n<p><a href=\"https:\/\/truecare.org\/wellness-services\/covid-19-flu-updates\/\"><img loading=\"lazy\" decoding=\"async\" class=\"alignnone wp-image-7014 size-medium\" src=\"https:\/\/truecare.org\/wp-content\/uploads\/\/truecare-schedule-find-out-more-svg-buttons-blog-304x54-1.svg\" alt=\"truecare averiguar m\u00e1s bot\u00f3n\" width=\"300\" height=\"57\" \/><\/a><\/p>\n<span class=\"et_bloom_bottom_trigger\"><\/span>","protected":false},"excerpt":{"rendered":"<p>TrueCare&#8217;s La Dra. Marie Russell, CMO \/ COO, se une a CBS 8 para abordar las preocupaciones sobre la vacuna COVID-19 &#8230; m\u00e1s COVID-19 Actualizaciones: Obtenga m\u00e1s informaci\u00f3n sobre la [&hellip;]<\/p>\n","protected":false},"author":10,"featured_media":16727,"comment_status":"closed","ping_status":"closed","sticky":false,"template":"","format":"standard","meta":{"_acf_changed":false,"_et_pb_use_builder":"","_et_pb_old_content":"","_et_gb_content_width":"","inline_featured_image":false,"footnotes":""},"categories":[125],"tags":[],"class_list":["post-18835","post","type-post","status-publish","format-standard","has-post-thumbnail","hentry","category-noticias"],"acf":[],"yoast_head":"<!-- This site is optimized with the Yoast SEO plugin v27.3 - https:\/\/yoast.com\/product\/yoast-seo-wordpress\/ -->\n<title>CBS News 8 - Despu\u00e9s de un comienzo rezagado, las vacunas entre los latinos se est\u00e1n poniendo al d\u00eda - TrueCare<\/title>\n<meta name=\"description\" content=\"La Dra. Marie Russell, CMO \/ COO, se une a CBS 8 para abordar las preocupaciones sobre la vacuna COVID-19.\" \/>\n<meta name=\"robots\" content=\"index, follow, max-snippet:-1, max-image-preview:large, max-video-preview:-1\" \/>\n<link rel=\"canonical\" href=\"https:\/\/truecare.org\/es\/blog\/cbs-news-8-despues-de-un-comienzo-rezagado-las-vacunas-entre-los-latinos-se-estan-poniendo-al-dia\/\" \/>\n<meta property=\"og:locale\" content=\"es_ES\" \/>\n<meta property=\"og:type\" content=\"article\" \/>\n<meta property=\"og:title\" content=\"CBS News 8 - Despu\u00e9s de un comienzo rezagado, las vacunas entre los latinos se est\u00e1n poniendo al d\u00eda - TrueCare\" \/>\n<meta property=\"og:description\" content=\"La Dra. Marie Russell, CMO \/ COO, se une a CBS 8 para abordar las preocupaciones sobre la vacuna COVID-19.\" \/>\n<meta property=\"og:site_name\" content=\"TrueCare\" \/>\n<meta property=\"article:publisher\" content=\"https:\/\/www.facebook.com\/healthtruecare\" \/>\n<meta property=\"article:published_time\" content=\"2021-06-07T23:02:07+00:00\" \/>\n<meta property=\"article:modified_time\" content=\"2024-08-27T17:10:34+00:00\" \/>\n<meta property=\"og:image\" content=\"https:\/\/truecare.org\/wp-content\/uploads\/truecare-cbs-8-yellow-news-events-featured-image-blog-700x466-1.png\" \/>\n\t<meta property=\"og:image:width\" content=\"700\" \/>\n\t<meta property=\"og:image:height\" content=\"466\" \/>\n\t<meta property=\"og:image:type\" content=\"image\/png\" \/>\n<meta name=\"author\" content=\"TrueC\" \/>\n<meta name=\"twitter:card\" content=\"summary_large_image\" \/>\n<meta name=\"twitter:creator\" content=\"@healthtruecare\" \/>\n<meta name=\"twitter:site\" content=\"@healthtruecare\" \/>\n<meta name=\"twitter:label1\" content=\"Escrito por\" \/>\n\t<meta name=\"twitter:data1\" content=\"TrueC\" \/>\n\t<meta name=\"twitter:label2\" content=\"Tiempo de lectura\" \/>\n\t<meta name=\"twitter:data2\" content=\"1 minuto\" \/>\n<script type=\"application\/ld+json\" class=\"yoast-schema-graph\">{\"@context\":\"https:\\\/\\\/schema.org\",\"@graph\":[{\"@type\":\"Article\",\"@id\":\"https:\\\/\\\/truecare.org\\\/es\\\/blog\\\/cbs-news-8-despues-de-un-comienzo-rezagado-las-vacunas-entre-los-latinos-se-estan-poniendo-al-dia\\\/#article\",\"isPartOf\":{\"@id\":\"https:\\\/\\\/truecare.org\\\/es\\\/blog\\\/cbs-news-8-despues-de-un-comienzo-rezagado-las-vacunas-entre-los-latinos-se-estan-poniendo-al-dia\\\/\"},\"author\":{\"name\":\"TrueC\",\"@id\":\"https:\\\/\\\/truecare.org\\\/es\\\/#\\\/schema\\\/person\\\/4e69ecf9220a877ac3de873f5535f3c6\"},\"headline\":\"CBS News 8 &#8211; Despu\u00e9s de un comienzo rezagado, las vacunas entre los latinos se est\u00e1n poniendo al d\u00eda\",\"datePublished\":\"2021-06-07T23:02:07+00:00\",\"dateModified\":\"2024-08-27T17:10:34+00:00\",\"mainEntityOfPage\":{\"@id\":\"https:\\\/\\\/truecare.org\\\/es\\\/blog\\\/cbs-news-8-despues-de-un-comienzo-rezagado-las-vacunas-entre-los-latinos-se-estan-poniendo-al-dia\\\/\"},\"wordCount\":54,\"publisher\":{\"@id\":\"https:\\\/\\\/truecare.org\\\/es\\\/#organization\"},\"image\":{\"@id\":\"https:\\\/\\\/truecare.org\\\/es\\\/blog\\\/cbs-news-8-despues-de-un-comienzo-rezagado-las-vacunas-entre-los-latinos-se-estan-poniendo-al-dia\\\/#primaryimage\"},\"thumbnailUrl\":\"https:\\\/\\\/truecare.org\\\/wp-content\\\/uploads\\\/truecare-cbs-8-yellow-news-events-featured-image-blog-700x466-1.png\",\"articleSection\":[\"Noticias\"],\"inLanguage\":\"es\"},{\"@type\":\"WebPage\",\"@id\":\"https:\\\/\\\/truecare.org\\\/es\\\/blog\\\/cbs-news-8-despues-de-un-comienzo-rezagado-las-vacunas-entre-los-latinos-se-estan-poniendo-al-dia\\\/\",\"url\":\"https:\\\/\\\/truecare.org\\\/es\\\/blog\\\/cbs-news-8-despues-de-un-comienzo-rezagado-las-vacunas-entre-los-latinos-se-estan-poniendo-al-dia\\\/\",\"name\":\"CBS News 8 - Despu\u00e9s de un comienzo rezagado, las vacunas entre los latinos se est\u00e1n poniendo al d\u00eda - TrueCare\",\"isPartOf\":{\"@id\":\"https:\\\/\\\/truecare.org\\\/es\\\/#website\"},\"primaryImageOfPage\":{\"@id\":\"https:\\\/\\\/truecare.org\\\/es\\\/blog\\\/cbs-news-8-despues-de-un-comienzo-rezagado-las-vacunas-entre-los-latinos-se-estan-poniendo-al-dia\\\/#primaryimage\"},\"image\":{\"@id\":\"https:\\\/\\\/truecare.org\\\/es\\\/blog\\\/cbs-news-8-despues-de-un-comienzo-rezagado-las-vacunas-entre-los-latinos-se-estan-poniendo-al-dia\\\/#primaryimage\"},\"thumbnailUrl\":\"https:\\\/\\\/truecare.org\\\/wp-content\\\/uploads\\\/truecare-cbs-8-yellow-news-events-featured-image-blog-700x466-1.png\",\"datePublished\":\"2021-06-07T23:02:07+00:00\",\"dateModified\":\"2024-08-27T17:10:34+00:00\",\"description\":\"La Dra. Marie Russell, CMO \\\/ COO, se une a CBS 8 para abordar las preocupaciones sobre la vacuna COVID-19.\",\"breadcrumb\":{\"@id\":\"https:\\\/\\\/truecare.org\\\/es\\\/blog\\\/cbs-news-8-despues-de-un-comienzo-rezagado-las-vacunas-entre-los-latinos-se-estan-poniendo-al-dia\\\/#breadcrumb\"},\"inLanguage\":\"es\",\"potentialAction\":[{\"@type\":\"ReadAction\",\"target\":[\"https:\\\/\\\/truecare.org\\\/es\\\/blog\\\/cbs-news-8-despues-de-un-comienzo-rezagado-las-vacunas-entre-los-latinos-se-estan-poniendo-al-dia\\\/\"]}]},{\"@type\":\"ImageObject\",\"inLanguage\":\"es\",\"@id\":\"https:\\\/\\\/truecare.org\\\/es\\\/blog\\\/cbs-news-8-despues-de-un-comienzo-rezagado-las-vacunas-entre-los-latinos-se-estan-poniendo-al-dia\\\/#primaryimage\",\"url\":\"https:\\\/\\\/truecare.org\\\/wp-content\\\/uploads\\\/truecare-cbs-8-yellow-news-events-featured-image-blog-700x466-1.png\",\"contentUrl\":\"https:\\\/\\\/truecare.org\\\/wp-content\\\/uploads\\\/truecare-cbs-8-yellow-news-events-featured-image-blog-700x466-1.png\",\"width\":700,\"height\":466,\"caption\":\"logotipo de noticias de cbs 8\"},{\"@type\":\"BreadcrumbList\",\"@id\":\"https:\\\/\\\/truecare.org\\\/es\\\/blog\\\/cbs-news-8-despues-de-un-comienzo-rezagado-las-vacunas-entre-los-latinos-se-estan-poniendo-al-dia\\\/#breadcrumb\",\"itemListElement\":[{\"@type\":\"ListItem\",\"position\":1,\"name\":\"Inicio\",\"item\":\"https:\\\/\\\/truecare.org\\\/es\\\/\"},{\"@type\":\"ListItem\",\"position\":2,\"name\":\"CBS News 8 &#8211; Despu\u00e9s de un comienzo rezagado, las vacunas entre los latinos se est\u00e1n poniendo al d\u00eda\"}]},{\"@type\":\"WebSite\",\"@id\":\"https:\\\/\\\/truecare.org\\\/es\\\/#website\",\"url\":\"https:\\\/\\\/truecare.org\\\/es\\\/\",\"name\":\"TrueCare\",\"description\":\"Health inside. Welcome in.\",\"publisher\":{\"@id\":\"https:\\\/\\\/truecare.org\\\/es\\\/#organization\"},\"potentialAction\":[{\"@type\":\"SearchAction\",\"target\":{\"@type\":\"EntryPoint\",\"urlTemplate\":\"https:\\\/\\\/truecare.org\\\/es\\\/?s={search_term_string}\"},\"query-input\":{\"@type\":\"PropertyValueSpecification\",\"valueRequired\":true,\"valueName\":\"search_term_string\"}}],\"inLanguage\":\"es\"},{\"@type\":\"Organization\",\"@id\":\"https:\\\/\\\/truecare.org\\\/es\\\/#organization\",\"name\":\"TrueCare\",\"url\":\"https:\\\/\\\/truecare.org\\\/es\\\/\",\"logo\":{\"@type\":\"ImageObject\",\"inLanguage\":\"es\",\"@id\":\"https:\\\/\\\/truecare.org\\\/es\\\/#\\\/schema\\\/logo\\\/image\\\/\",\"url\":\"https:\\\/\\\/truecare.org\\\/wp-content\\\/uploads\\\/truecare-logo-header-205x45-1.svg\",\"contentUrl\":\"https:\\\/\\\/truecare.org\\\/wp-content\\\/uploads\\\/truecare-logo-header-205x45-1.svg\",\"width\":\"1024\",\"height\":\"1024\",\"caption\":\"TrueCare\"},\"image\":{\"@id\":\"https:\\\/\\\/truecare.org\\\/es\\\/#\\\/schema\\\/logo\\\/image\\\/\"},\"sameAs\":[\"https:\\\/\\\/www.facebook.com\\\/healthtruecare\",\"https:\\\/\\\/x.com\\\/healthtruecare\",\"https:\\\/\\\/www.instagram.com\\\/truecare.health\\\/\",\"https:\\\/\\\/www.linkedin.com\\\/company\\\/health-truecare\\\/\",\"https:\\\/\\\/www.youtube.com\\\/channel\\\/UClN83htaiuzCzfzdikXPCTw\",\"https:\\\/\\\/www.pinterest.com\\\/healthtruecare\"]},{\"@type\":\"Person\",\"@id\":\"https:\\\/\\\/truecare.org\\\/es\\\/#\\\/schema\\\/person\\\/4e69ecf9220a877ac3de873f5535f3c6\",\"name\":\"TrueC\",\"image\":{\"@type\":\"ImageObject\",\"inLanguage\":\"es\",\"@id\":\"https:\\\/\\\/secure.gravatar.com\\\/avatar\\\/edeb7150294d9abbc75e4ee6d2e3b2ca44852350c8ef3602a54ece88335cda79?s=96&d=mm&r=g\",\"url\":\"https:\\\/\\\/secure.gravatar.com\\\/avatar\\\/edeb7150294d9abbc75e4ee6d2e3b2ca44852350c8ef3602a54ece88335cda79?s=96&d=mm&r=g\",\"contentUrl\":\"https:\\\/\\\/secure.gravatar.com\\\/avatar\\\/edeb7150294d9abbc75e4ee6d2e3b2ca44852350c8ef3602a54ece88335cda79?s=96&d=mm&r=g\",\"caption\":\"TrueC\"}}]}<\/script>\n<!-- \/ Yoast SEO plugin. -->","yoast_head_json":{"title":"CBS News 8 - Despu\u00e9s de un comienzo rezagado, las vacunas entre los latinos se est\u00e1n poniendo al d\u00eda - TrueCare","description":"La Dra. Marie Russell, CMO \/ COO, se une a CBS 8 para abordar las preocupaciones sobre la vacuna COVID-19.","robots":{"index":"index","follow":"follow","max-snippet":"max-snippet:-1","max-image-preview":"max-image-preview:large","max-video-preview":"max-video-preview:-1"},"canonical":"https:\/\/truecare.org\/es\/blog\/cbs-news-8-despues-de-un-comienzo-rezagado-las-vacunas-entre-los-latinos-se-estan-poniendo-al-dia\/","og_locale":"es_ES","og_type":"article","og_title":"CBS News 8 - Despu\u00e9s de un comienzo rezagado, las vacunas entre los latinos se est\u00e1n poniendo al d\u00eda - TrueCare","og_description":"La Dra. Marie Russell, CMO \/ COO, se une a CBS 8 para abordar las preocupaciones sobre la vacuna COVID-19.","og_site_name":"TrueCare","article_publisher":"https:\/\/www.facebook.com\/healthtruecare","article_published_time":"2021-06-07T23:02:07+00:00","article_modified_time":"2024-08-27T17:10:34+00:00","og_image":[{"width":700,"height":466,"url":"https:\/\/truecare.org\/wp-content\/uploads\/truecare-cbs-8-yellow-news-events-featured-image-blog-700x466-1.png","type":"image\/png"}],"author":"TrueC","twitter_card":"summary_large_image","twitter_creator":"@healthtruecare","twitter_site":"@healthtruecare","twitter_misc":{"Escrito por":"TrueC","Tiempo de lectura":"1 minuto"},"schema":{"@context":"https:\/\/schema.org","@graph":[{"@type":"Article","@id":"https:\/\/truecare.org\/es\/blog\/cbs-news-8-despues-de-un-comienzo-rezagado-las-vacunas-entre-los-latinos-se-estan-poniendo-al-dia\/#article","isPartOf":{"@id":"https:\/\/truecare.org\/es\/blog\/cbs-news-8-despues-de-un-comienzo-rezagado-las-vacunas-entre-los-latinos-se-estan-poniendo-al-dia\/"},"author":{"name":"TrueC","@id":"https:\/\/truecare.org\/es\/#\/schema\/person\/4e69ecf9220a877ac3de873f5535f3c6"},"headline":"CBS News 8 &#8211; Despu\u00e9s de un comienzo rezagado, las vacunas entre los latinos se est\u00e1n poniendo al d\u00eda","datePublished":"2021-06-07T23:02:07+00:00","dateModified":"2024-08-27T17:10:34+00:00","mainEntityOfPage":{"@id":"https:\/\/truecare.org\/es\/blog\/cbs-news-8-despues-de-un-comienzo-rezagado-las-vacunas-entre-los-latinos-se-estan-poniendo-al-dia\/"},"wordCount":54,"publisher":{"@id":"https:\/\/truecare.org\/es\/#organization"},"image":{"@id":"https:\/\/truecare.org\/es\/blog\/cbs-news-8-despues-de-un-comienzo-rezagado-las-vacunas-entre-los-latinos-se-estan-poniendo-al-dia\/#primaryimage"},"thumbnailUrl":"https:\/\/truecare.org\/wp-content\/uploads\/truecare-cbs-8-yellow-news-events-featured-image-blog-700x466-1.png","articleSection":["Noticias"],"inLanguage":"es"},{"@type":"WebPage","@id":"https:\/\/truecare.org\/es\/blog\/cbs-news-8-despues-de-un-comienzo-rezagado-las-vacunas-entre-los-latinos-se-estan-poniendo-al-dia\/","url":"https:\/\/truecare.org\/es\/blog\/cbs-news-8-despues-de-un-comienzo-rezagado-las-vacunas-entre-los-latinos-se-estan-poniendo-al-dia\/","name":"CBS News 8 - Despu\u00e9s de un comienzo rezagado, las vacunas entre los latinos se est\u00e1n poniendo al d\u00eda - TrueCare","isPartOf":{"@id":"https:\/\/truecare.org\/es\/#website"},"primaryImageOfPage":{"@id":"https:\/\/truecare.org\/es\/blog\/cbs-news-8-despues-de-un-comienzo-rezagado-las-vacunas-entre-los-latinos-se-estan-poniendo-al-dia\/#primaryimage"},"image":{"@id":"https:\/\/truecare.org\/es\/blog\/cbs-news-8-despues-de-un-comienzo-rezagado-las-vacunas-entre-los-latinos-se-estan-poniendo-al-dia\/#primaryimage"},"thumbnailUrl":"https:\/\/truecare.org\/wp-content\/uploads\/truecare-cbs-8-yellow-news-events-featured-image-blog-700x466-1.png","datePublished":"2021-06-07T23:02:07+00:00","dateModified":"2024-08-27T17:10:34+00:00","description":"La Dra. Marie Russell, CMO \/ COO, se une a CBS 8 para abordar las preocupaciones sobre la vacuna COVID-19.","breadcrumb":{"@id":"https:\/\/truecare.org\/es\/blog\/cbs-news-8-despues-de-un-comienzo-rezagado-las-vacunas-entre-los-latinos-se-estan-poniendo-al-dia\/#breadcrumb"},"inLanguage":"es","potentialAction":[{"@type":"ReadAction","target":["https:\/\/truecare.org\/es\/blog\/cbs-news-8-despues-de-un-comienzo-rezagado-las-vacunas-entre-los-latinos-se-estan-poniendo-al-dia\/"]}]},{"@type":"ImageObject","inLanguage":"es","@id":"https:\/\/truecare.org\/es\/blog\/cbs-news-8-despues-de-un-comienzo-rezagado-las-vacunas-entre-los-latinos-se-estan-poniendo-al-dia\/#primaryimage","url":"https:\/\/truecare.org\/wp-content\/uploads\/truecare-cbs-8-yellow-news-events-featured-image-blog-700x466-1.png","contentUrl":"https:\/\/truecare.org\/wp-content\/uploads\/truecare-cbs-8-yellow-news-events-featured-image-blog-700x466-1.png","width":700,"height":466,"caption":"logotipo de noticias de cbs 8"},{"@type":"BreadcrumbList","@id":"https:\/\/truecare.org\/es\/blog\/cbs-news-8-despues-de-un-comienzo-rezagado-las-vacunas-entre-los-latinos-se-estan-poniendo-al-dia\/#breadcrumb","itemListElement":[{"@type":"ListItem","position":1,"name":"Inicio","item":"https:\/\/truecare.org\/es\/"},{"@type":"ListItem","position":2,"name":"CBS News 8 &#8211; Despu\u00e9s de un comienzo rezagado, las vacunas entre los latinos se est\u00e1n poniendo al d\u00eda"}]},{"@type":"WebSite","@id":"https:\/\/truecare.org\/es\/#website","url":"https:\/\/truecare.org\/es\/","name":"TrueCare","description":"Health inside. Welcome in.","publisher":{"@id":"https:\/\/truecare.org\/es\/#organization"},"potentialAction":[{"@type":"SearchAction","target":{"@type":"EntryPoint","urlTemplate":"https:\/\/truecare.org\/es\/?s={search_term_string}"},"query-input":{"@type":"PropertyValueSpecification","valueRequired":true,"valueName":"search_term_string"}}],"inLanguage":"es"},{"@type":"Organization","@id":"https:\/\/truecare.org\/es\/#organization","name":"TrueCare","url":"https:\/\/truecare.org\/es\/","logo":{"@type":"ImageObject","inLanguage":"es","@id":"https:\/\/truecare.org\/es\/#\/schema\/logo\/image\/","url":"https:\/\/truecare.org\/wp-content\/uploads\/truecare-logo-header-205x45-1.svg","contentUrl":"https:\/\/truecare.org\/wp-content\/uploads\/truecare-logo-header-205x45-1.svg","width":"1024","height":"1024","caption":"TrueCare"},"image":{"@id":"https:\/\/truecare.org\/es\/#\/schema\/logo\/image\/"},"sameAs":["https:\/\/www.facebook.com\/healthtruecare","https:\/\/x.com\/healthtruecare","https:\/\/www.instagram.com\/truecare.health\/","https:\/\/www.linkedin.com\/company\/health-truecare\/","https:\/\/www.youtube.com\/channel\/UClN83htaiuzCzfzdikXPCTw","https:\/\/www.pinterest.com\/healthtruecare"]},{"@type":"Person","@id":"https:\/\/truecare.org\/es\/#\/schema\/person\/4e69ecf9220a877ac3de873f5535f3c6","name":"TrueC","image":{"@type":"ImageObject","inLanguage":"es","@id":"https:\/\/secure.gravatar.com\/avatar\/edeb7150294d9abbc75e4ee6d2e3b2ca44852350c8ef3602a54ece88335cda79?s=96&d=mm&r=g","url":"https:\/\/secure.gravatar.com\/avatar\/edeb7150294d9abbc75e4ee6d2e3b2ca44852350c8ef3602a54ece88335cda79?s=96&d=mm&r=g","contentUrl":"https:\/\/secure.gravatar.com\/avatar\/edeb7150294d9abbc75e4ee6d2e3b2ca44852350c8ef3602a54ece88335cda79?s=96&d=mm&r=g","caption":"TrueC"}}]}},"_links":{"self":[{"href":"https:\/\/truecare.org\/es\/wp-json\/wp\/v2\/posts\/18835","targetHints":{"allow":["GET"]}}],"collection":[{"href":"https:\/\/truecare.org\/es\/wp-json\/wp\/v2\/posts"}],"about":[{"href":"https:\/\/truecare.org\/es\/wp-json\/wp\/v2\/types\/post"}],"author":[{"embeddable":true,"href":"https:\/\/truecare.org\/es\/wp-json\/wp\/v2\/users\/10"}],"replies":[{"embeddable":true,"href":"https:\/\/truecare.org\/es\/wp-json\/wp\/v2\/comments?post=18835"}],"version-history":[{"count":1,"href":"https:\/\/truecare.org\/es\/wp-json\/wp\/v2\/posts\/18835\/revisions"}],"predecessor-version":[{"id":41564,"href":"https:\/\/truecare.org\/es\/wp-json\/wp\/v2\/posts\/18835\/revisions\/41564"}],"wp:featuredmedia":[{"embeddable":true,"href":"https:\/\/truecare.org\/es\/wp-json\/wp\/v2\/media\/16727"}],"wp:attachment":[{"href":"https:\/\/truecare.org\/es\/wp-json\/wp\/v2\/media?parent=18835"}],"wp:term":[{"taxonomy":"category","embeddable":true,"href":"https:\/\/truecare.org\/es\/wp-json\/wp\/v2\/categories?post=18835"},{"taxonomy":"post_tag","embeddable":true,"href":"https:\/\/truecare.org\/es\/wp-json\/wp\/v2\/tags?post=18835"}],"curies":[{"name":"wp","href":"https:\/\/api.w.org\/{rel}","templated":true}]}}