{"id":16233,"date":"2021-01-18T16:04:15","date_gmt":"2021-01-19T00:04:15","guid":{"rendered":"https:\/\/truecare.org\/ramona-sentinal-la-carrera-de-atencion-medica-se-traslada-al-servicio-comunitario\/"},"modified":"2024-08-27T11:12:13","modified_gmt":"2024-08-27T18:12:13","slug":"ramona-sentinal-la-carrera-de-atencion-medica-se-traslada-al-servicio-comunitario","status":"publish","type":"post","link":"https:\/\/truecare.org\/es\/blog\/ramona-sentinal-la-carrera-de-atencion-medica-se-traslada-al-servicio-comunitario\/","title":{"rendered":"Ramona Sentinal \u2013 La carrera de atenci\u00f3n m\u00e9dica se traslada al servicio comunitario"},"content":{"rendered":"<p><strong>Craig Jung, residente de Ramona, aplica su experiencia en atenci\u00f3n m\u00e9dica y mantenimiento<\/strong> de instalaciones a su rol actual en la junta directiva de North County Health Services.<\/p>\n<p><strong>Craig Jung se interesa personalmente en la cl\u00ednica North County Health Services (NCHS)<\/strong> recientemente se traslad\u00f3 de 217 Earlham St. a cuartos m\u00e1s modernos y espaciosos en 220 Rotanzi St. Como uno de los miembros de la junta directiva de la organizaci\u00f3n y presidente de su Comit\u00e9 de Calidad, Jung fue fundamental para que la cl\u00ednica se abriera el 26 de marzo. Adem\u00e1s de recaudar fondos, una de sus tareas era superar el obst\u00e1culo final de obtener permisos y aprobaciones del condado de San Diego. Ese proceso retras\u00f3 la apertura de la cl\u00ednica unos seis meses&#8230; <a href=\"https:\/\/truecare.org\/wp-content\/uploads\/Health-care-career-carries-over-to-community-service-Ramona-Sentinel.pdf\" target=\"_blank\" rel=\"noopener noreferrer\">m\u00e1s<\/a><\/p>\n<p><a href=\"https:\/\/truecare.org\/wp-content\/uploads\/Health-care-career-carries-over-to-community-service-Ramona-Sentinel.pdf\" target=\"_blank\" rel=\"noopener noreferrer\"><img loading=\"lazy\" decoding=\"async\" class=\"alignnone wp-image-7014 size-medium\" src=\"https:\/\/truecare.org\/wp-content\/uploads\/\/truecare-read-the-article-svg-buttons-blog-304x54-1.svg\" alt=\"truecare leer el bot\u00f3n del art\u00edculo\" width=\"300\" height=\"57\" \/><\/a><\/p>\n<span class=\"et_bloom_bottom_trigger\"><\/span>","protected":false},"excerpt":{"rendered":"<p>Craig Jung, residente de Ramona, aplica su experiencia en atenci\u00f3n m\u00e9dica y mantenimiento de instalaciones a su rol actual en la junta directiva de North County Health Services. Craig Jung [&hellip;]<\/p>\n","protected":false},"author":10,"featured_media":16214,"comment_status":"closed","ping_status":"closed","sticky":false,"template":"","format":"standard","meta":{"_acf_changed":false,"_et_pb_use_builder":"","_et_pb_old_content":"","_et_gb_content_width":"","inline_featured_image":false,"footnotes":""},"categories":[125],"tags":[],"class_list":["post-16233","post","type-post","status-publish","format-standard","has-post-thumbnail","hentry","category-noticias"],"acf":[],"yoast_head":"<!-- This site is optimized with the Yoast SEO plugin v27.3 - https:\/\/yoast.com\/product\/yoast-seo-wordpress\/ -->\n<title>Ramona Sentinal \u2013 La carrera de atenci\u00f3n m\u00e9dica se traslada al servicio comunitario<\/title>\n<meta name=\"description\" content=\"Craig Jung, residente de Ramona, aplica su experiencia en atenci\u00f3n m\u00e9dica y mantenimiento de instalaciones a su rol actual en la junta directiva de North County HealthServices.\" \/>\n<meta name=\"robots\" content=\"index, follow, max-snippet:-1, max-image-preview:large, max-video-preview:-1\" \/>\n<link rel=\"canonical\" href=\"https:\/\/truecare.org\/es\/blog\/ramona-sentinal-la-carrera-de-atencion-medica-se-traslada-al-servicio-comunitario\/\" \/>\n<meta property=\"og:locale\" content=\"es_ES\" \/>\n<meta property=\"og:type\" content=\"article\" \/>\n<meta property=\"og:title\" content=\"Ramona Sentinal \u2013 La carrera de atenci\u00f3n m\u00e9dica se traslada al servicio comunitario\" \/>\n<meta property=\"og:description\" content=\"Craig Jung, residente de Ramona, aplica su experiencia en atenci\u00f3n m\u00e9dica y mantenimiento de instalaciones a su rol actual en la junta directiva de North County HealthServices.\" \/>\n<meta property=\"og:site_name\" content=\"TrueCare\" \/>\n<meta property=\"article:publisher\" content=\"https:\/\/www.facebook.com\/healthtruecare\" \/>\n<meta property=\"article:published_time\" content=\"2021-01-19T00:04:15+00:00\" \/>\n<meta property=\"article:modified_time\" content=\"2024-08-27T18:12:13+00:00\" \/>\n<meta property=\"og:image\" content=\"https:\/\/truecare.org\/wp-content\/uploads\/truecare-Ramomna-sentinal-health-care-career-700x466-1.png\" \/>\n\t<meta property=\"og:image:width\" content=\"700\" \/>\n\t<meta property=\"og:image:height\" content=\"466\" \/>\n\t<meta property=\"og:image:type\" content=\"image\/png\" \/>\n<meta name=\"author\" content=\"TrueC\" \/>\n<meta name=\"twitter:card\" content=\"summary_large_image\" \/>\n<meta name=\"twitter:creator\" content=\"@healthtruecare\" \/>\n<meta name=\"twitter:site\" content=\"@healthtruecare\" \/>\n<meta name=\"twitter:label1\" content=\"Escrito por\" \/>\n\t<meta name=\"twitter:data1\" content=\"TrueC\" \/>\n\t<meta name=\"twitter:label2\" content=\"Tiempo de lectura\" \/>\n\t<meta name=\"twitter:data2\" content=\"1 minuto\" \/>\n<script type=\"application\/ld+json\" class=\"yoast-schema-graph\">{\"@context\":\"https:\\\/\\\/schema.org\",\"@graph\":[{\"@type\":\"Article\",\"@id\":\"https:\\\/\\\/truecare.org\\\/es\\\/blog\\\/ramona-sentinal-la-carrera-de-atencion-medica-se-traslada-al-servicio-comunitario\\\/#article\",\"isPartOf\":{\"@id\":\"https:\\\/\\\/truecare.org\\\/es\\\/blog\\\/ramona-sentinal-la-carrera-de-atencion-medica-se-traslada-al-servicio-comunitario\\\/\"},\"author\":{\"name\":\"TrueC\",\"@id\":\"https:\\\/\\\/truecare.org\\\/es\\\/#\\\/schema\\\/person\\\/4e69ecf9220a877ac3de873f5535f3c6\"},\"headline\":\"Ramona Sentinal \u2013 La carrera de atenci\u00f3n m\u00e9dica se traslada al servicio comunitario\",\"datePublished\":\"2021-01-19T00:04:15+00:00\",\"dateModified\":\"2024-08-27T18:12:13+00:00\",\"mainEntityOfPage\":{\"@id\":\"https:\\\/\\\/truecare.org\\\/es\\\/blog\\\/ramona-sentinal-la-carrera-de-atencion-medica-se-traslada-al-servicio-comunitario\\\/\"},\"wordCount\":146,\"publisher\":{\"@id\":\"https:\\\/\\\/truecare.org\\\/es\\\/#organization\"},\"image\":{\"@id\":\"https:\\\/\\\/truecare.org\\\/es\\\/blog\\\/ramona-sentinal-la-carrera-de-atencion-medica-se-traslada-al-servicio-comunitario\\\/#primaryimage\"},\"thumbnailUrl\":\"https:\\\/\\\/truecare.org\\\/wp-content\\\/uploads\\\/truecare-Ramomna-sentinal-health-care-career-700x466-1.png\",\"articleSection\":[\"Noticias\"],\"inLanguage\":\"es\"},{\"@type\":\"WebPage\",\"@id\":\"https:\\\/\\\/truecare.org\\\/es\\\/blog\\\/ramona-sentinal-la-carrera-de-atencion-medica-se-traslada-al-servicio-comunitario\\\/\",\"url\":\"https:\\\/\\\/truecare.org\\\/es\\\/blog\\\/ramona-sentinal-la-carrera-de-atencion-medica-se-traslada-al-servicio-comunitario\\\/\",\"name\":\"Ramona Sentinal \u2013 La carrera de atenci\u00f3n m\u00e9dica se traslada al servicio comunitario\",\"isPartOf\":{\"@id\":\"https:\\\/\\\/truecare.org\\\/es\\\/#website\"},\"primaryImageOfPage\":{\"@id\":\"https:\\\/\\\/truecare.org\\\/es\\\/blog\\\/ramona-sentinal-la-carrera-de-atencion-medica-se-traslada-al-servicio-comunitario\\\/#primaryimage\"},\"image\":{\"@id\":\"https:\\\/\\\/truecare.org\\\/es\\\/blog\\\/ramona-sentinal-la-carrera-de-atencion-medica-se-traslada-al-servicio-comunitario\\\/#primaryimage\"},\"thumbnailUrl\":\"https:\\\/\\\/truecare.org\\\/wp-content\\\/uploads\\\/truecare-Ramomna-sentinal-health-care-career-700x466-1.png\",\"datePublished\":\"2021-01-19T00:04:15+00:00\",\"dateModified\":\"2024-08-27T18:12:13+00:00\",\"description\":\"Craig Jung, residente de Ramona, aplica su experiencia en atenci\u00f3n m\u00e9dica y mantenimiento de instalaciones a su rol actual en la junta directiva de North County HealthServices.\",\"breadcrumb\":{\"@id\":\"https:\\\/\\\/truecare.org\\\/es\\\/blog\\\/ramona-sentinal-la-carrera-de-atencion-medica-se-traslada-al-servicio-comunitario\\\/#breadcrumb\"},\"inLanguage\":\"es\",\"potentialAction\":[{\"@type\":\"ReadAction\",\"target\":[\"https:\\\/\\\/truecare.org\\\/es\\\/blog\\\/ramona-sentinal-la-carrera-de-atencion-medica-se-traslada-al-servicio-comunitario\\\/\"]}]},{\"@type\":\"ImageObject\",\"inLanguage\":\"es\",\"@id\":\"https:\\\/\\\/truecare.org\\\/es\\\/blog\\\/ramona-sentinal-la-carrera-de-atencion-medica-se-traslada-al-servicio-comunitario\\\/#primaryimage\",\"url\":\"https:\\\/\\\/truecare.org\\\/wp-content\\\/uploads\\\/truecare-Ramomna-sentinal-health-care-career-700x466-1.png\",\"contentUrl\":\"https:\\\/\\\/truecare.org\\\/wp-content\\\/uploads\\\/truecare-Ramomna-sentinal-health-care-career-700x466-1.png\",\"width\":700,\"height\":466,\"caption\":\"Craig Jung, residente de Ramona, se para frente a un exterior de un edificio\"},{\"@type\":\"BreadcrumbList\",\"@id\":\"https:\\\/\\\/truecare.org\\\/es\\\/blog\\\/ramona-sentinal-la-carrera-de-atencion-medica-se-traslada-al-servicio-comunitario\\\/#breadcrumb\",\"itemListElement\":[{\"@type\":\"ListItem\",\"position\":1,\"name\":\"Inicio\",\"item\":\"https:\\\/\\\/truecare.org\\\/es\\\/\"},{\"@type\":\"ListItem\",\"position\":2,\"name\":\"Ramona Sentinal \u2013 La carrera de atenci\u00f3n m\u00e9dica se traslada al servicio comunitario\"}]},{\"@type\":\"WebSite\",\"@id\":\"https:\\\/\\\/truecare.org\\\/es\\\/#website\",\"url\":\"https:\\\/\\\/truecare.org\\\/es\\\/\",\"name\":\"TrueCare\",\"description\":\"Health inside. Welcome in.\",\"publisher\":{\"@id\":\"https:\\\/\\\/truecare.org\\\/es\\\/#organization\"},\"potentialAction\":[{\"@type\":\"SearchAction\",\"target\":{\"@type\":\"EntryPoint\",\"urlTemplate\":\"https:\\\/\\\/truecare.org\\\/es\\\/?s={search_term_string}\"},\"query-input\":{\"@type\":\"PropertyValueSpecification\",\"valueRequired\":true,\"valueName\":\"search_term_string\"}}],\"inLanguage\":\"es\"},{\"@type\":\"Organization\",\"@id\":\"https:\\\/\\\/truecare.org\\\/es\\\/#organization\",\"name\":\"TrueCare\",\"url\":\"https:\\\/\\\/truecare.org\\\/es\\\/\",\"logo\":{\"@type\":\"ImageObject\",\"inLanguage\":\"es\",\"@id\":\"https:\\\/\\\/truecare.org\\\/es\\\/#\\\/schema\\\/logo\\\/image\\\/\",\"url\":\"https:\\\/\\\/truecare.org\\\/wp-content\\\/uploads\\\/truecare-logo-header-205x45-1.svg\",\"contentUrl\":\"https:\\\/\\\/truecare.org\\\/wp-content\\\/uploads\\\/truecare-logo-header-205x45-1.svg\",\"width\":\"1024\",\"height\":\"1024\",\"caption\":\"TrueCare\"},\"image\":{\"@id\":\"https:\\\/\\\/truecare.org\\\/es\\\/#\\\/schema\\\/logo\\\/image\\\/\"},\"sameAs\":[\"https:\\\/\\\/www.facebook.com\\\/healthtruecare\",\"https:\\\/\\\/x.com\\\/healthtruecare\",\"https:\\\/\\\/www.instagram.com\\\/truecare.health\\\/\",\"https:\\\/\\\/www.linkedin.com\\\/company\\\/health-truecare\\\/\",\"https:\\\/\\\/www.youtube.com\\\/channel\\\/UClN83htaiuzCzfzdikXPCTw\",\"https:\\\/\\\/www.pinterest.com\\\/healthtruecare\"]},{\"@type\":\"Person\",\"@id\":\"https:\\\/\\\/truecare.org\\\/es\\\/#\\\/schema\\\/person\\\/4e69ecf9220a877ac3de873f5535f3c6\",\"name\":\"TrueC\",\"image\":{\"@type\":\"ImageObject\",\"inLanguage\":\"es\",\"@id\":\"https:\\\/\\\/secure.gravatar.com\\\/avatar\\\/edeb7150294d9abbc75e4ee6d2e3b2ca44852350c8ef3602a54ece88335cda79?s=96&d=mm&r=g\",\"url\":\"https:\\\/\\\/secure.gravatar.com\\\/avatar\\\/edeb7150294d9abbc75e4ee6d2e3b2ca44852350c8ef3602a54ece88335cda79?s=96&d=mm&r=g\",\"contentUrl\":\"https:\\\/\\\/secure.gravatar.com\\\/avatar\\\/edeb7150294d9abbc75e4ee6d2e3b2ca44852350c8ef3602a54ece88335cda79?s=96&d=mm&r=g\",\"caption\":\"TrueC\"}}]}<\/script>\n<!-- \/ Yoast SEO plugin. -->","yoast_head_json":{"title":"Ramona Sentinal \u2013 La carrera de atenci\u00f3n m\u00e9dica se traslada al servicio comunitario","description":"Craig Jung, residente de Ramona, aplica su experiencia en atenci\u00f3n m\u00e9dica y mantenimiento de instalaciones a su rol actual en la junta directiva de North County HealthServices.","robots":{"index":"index","follow":"follow","max-snippet":"max-snippet:-1","max-image-preview":"max-image-preview:large","max-video-preview":"max-video-preview:-1"},"canonical":"https:\/\/truecare.org\/es\/blog\/ramona-sentinal-la-carrera-de-atencion-medica-se-traslada-al-servicio-comunitario\/","og_locale":"es_ES","og_type":"article","og_title":"Ramona Sentinal \u2013 La carrera de atenci\u00f3n m\u00e9dica se traslada al servicio comunitario","og_description":"Craig Jung, residente de Ramona, aplica su experiencia en atenci\u00f3n m\u00e9dica y mantenimiento de instalaciones a su rol actual en la junta directiva de North County HealthServices.","og_site_name":"TrueCare","article_publisher":"https:\/\/www.facebook.com\/healthtruecare","article_published_time":"2021-01-19T00:04:15+00:00","article_modified_time":"2024-08-27T18:12:13+00:00","og_image":[{"width":700,"height":466,"url":"https:\/\/truecare.org\/wp-content\/uploads\/truecare-Ramomna-sentinal-health-care-career-700x466-1.png","type":"image\/png"}],"author":"TrueC","twitter_card":"summary_large_image","twitter_creator":"@healthtruecare","twitter_site":"@healthtruecare","twitter_misc":{"Escrito por":"TrueC","Tiempo de lectura":"1 minuto"},"schema":{"@context":"https:\/\/schema.org","@graph":[{"@type":"Article","@id":"https:\/\/truecare.org\/es\/blog\/ramona-sentinal-la-carrera-de-atencion-medica-se-traslada-al-servicio-comunitario\/#article","isPartOf":{"@id":"https:\/\/truecare.org\/es\/blog\/ramona-sentinal-la-carrera-de-atencion-medica-se-traslada-al-servicio-comunitario\/"},"author":{"name":"TrueC","@id":"https:\/\/truecare.org\/es\/#\/schema\/person\/4e69ecf9220a877ac3de873f5535f3c6"},"headline":"Ramona Sentinal \u2013 La carrera de atenci\u00f3n m\u00e9dica se traslada al servicio comunitario","datePublished":"2021-01-19T00:04:15+00:00","dateModified":"2024-08-27T18:12:13+00:00","mainEntityOfPage":{"@id":"https:\/\/truecare.org\/es\/blog\/ramona-sentinal-la-carrera-de-atencion-medica-se-traslada-al-servicio-comunitario\/"},"wordCount":146,"publisher":{"@id":"https:\/\/truecare.org\/es\/#organization"},"image":{"@id":"https:\/\/truecare.org\/es\/blog\/ramona-sentinal-la-carrera-de-atencion-medica-se-traslada-al-servicio-comunitario\/#primaryimage"},"thumbnailUrl":"https:\/\/truecare.org\/wp-content\/uploads\/truecare-Ramomna-sentinal-health-care-career-700x466-1.png","articleSection":["Noticias"],"inLanguage":"es"},{"@type":"WebPage","@id":"https:\/\/truecare.org\/es\/blog\/ramona-sentinal-la-carrera-de-atencion-medica-se-traslada-al-servicio-comunitario\/","url":"https:\/\/truecare.org\/es\/blog\/ramona-sentinal-la-carrera-de-atencion-medica-se-traslada-al-servicio-comunitario\/","name":"Ramona Sentinal \u2013 La carrera de atenci\u00f3n m\u00e9dica se traslada al servicio comunitario","isPartOf":{"@id":"https:\/\/truecare.org\/es\/#website"},"primaryImageOfPage":{"@id":"https:\/\/truecare.org\/es\/blog\/ramona-sentinal-la-carrera-de-atencion-medica-se-traslada-al-servicio-comunitario\/#primaryimage"},"image":{"@id":"https:\/\/truecare.org\/es\/blog\/ramona-sentinal-la-carrera-de-atencion-medica-se-traslada-al-servicio-comunitario\/#primaryimage"},"thumbnailUrl":"https:\/\/truecare.org\/wp-content\/uploads\/truecare-Ramomna-sentinal-health-care-career-700x466-1.png","datePublished":"2021-01-19T00:04:15+00:00","dateModified":"2024-08-27T18:12:13+00:00","description":"Craig Jung, residente de Ramona, aplica su experiencia en atenci\u00f3n m\u00e9dica y mantenimiento de instalaciones a su rol actual en la junta directiva de North County HealthServices.","breadcrumb":{"@id":"https:\/\/truecare.org\/es\/blog\/ramona-sentinal-la-carrera-de-atencion-medica-se-traslada-al-servicio-comunitario\/#breadcrumb"},"inLanguage":"es","potentialAction":[{"@type":"ReadAction","target":["https:\/\/truecare.org\/es\/blog\/ramona-sentinal-la-carrera-de-atencion-medica-se-traslada-al-servicio-comunitario\/"]}]},{"@type":"ImageObject","inLanguage":"es","@id":"https:\/\/truecare.org\/es\/blog\/ramona-sentinal-la-carrera-de-atencion-medica-se-traslada-al-servicio-comunitario\/#primaryimage","url":"https:\/\/truecare.org\/wp-content\/uploads\/truecare-Ramomna-sentinal-health-care-career-700x466-1.png","contentUrl":"https:\/\/truecare.org\/wp-content\/uploads\/truecare-Ramomna-sentinal-health-care-career-700x466-1.png","width":700,"height":466,"caption":"Craig Jung, residente de Ramona, se para frente a un exterior de un edificio"},{"@type":"BreadcrumbList","@id":"https:\/\/truecare.org\/es\/blog\/ramona-sentinal-la-carrera-de-atencion-medica-se-traslada-al-servicio-comunitario\/#breadcrumb","itemListElement":[{"@type":"ListItem","position":1,"name":"Inicio","item":"https:\/\/truecare.org\/es\/"},{"@type":"ListItem","position":2,"name":"Ramona Sentinal \u2013 La carrera de atenci\u00f3n m\u00e9dica se traslada al servicio comunitario"}]},{"@type":"WebSite","@id":"https:\/\/truecare.org\/es\/#website","url":"https:\/\/truecare.org\/es\/","name":"TrueCare","description":"Health inside. Welcome in.","publisher":{"@id":"https:\/\/truecare.org\/es\/#organization"},"potentialAction":[{"@type":"SearchAction","target":{"@type":"EntryPoint","urlTemplate":"https:\/\/truecare.org\/es\/?s={search_term_string}"},"query-input":{"@type":"PropertyValueSpecification","valueRequired":true,"valueName":"search_term_string"}}],"inLanguage":"es"},{"@type":"Organization","@id":"https:\/\/truecare.org\/es\/#organization","name":"TrueCare","url":"https:\/\/truecare.org\/es\/","logo":{"@type":"ImageObject","inLanguage":"es","@id":"https:\/\/truecare.org\/es\/#\/schema\/logo\/image\/","url":"https:\/\/truecare.org\/wp-content\/uploads\/truecare-logo-header-205x45-1.svg","contentUrl":"https:\/\/truecare.org\/wp-content\/uploads\/truecare-logo-header-205x45-1.svg","width":"1024","height":"1024","caption":"TrueCare"},"image":{"@id":"https:\/\/truecare.org\/es\/#\/schema\/logo\/image\/"},"sameAs":["https:\/\/www.facebook.com\/healthtruecare","https:\/\/x.com\/healthtruecare","https:\/\/www.instagram.com\/truecare.health\/","https:\/\/www.linkedin.com\/company\/health-truecare\/","https:\/\/www.youtube.com\/channel\/UClN83htaiuzCzfzdikXPCTw","https:\/\/www.pinterest.com\/healthtruecare"]},{"@type":"Person","@id":"https:\/\/truecare.org\/es\/#\/schema\/person\/4e69ecf9220a877ac3de873f5535f3c6","name":"TrueC","image":{"@type":"ImageObject","inLanguage":"es","@id":"https:\/\/secure.gravatar.com\/avatar\/edeb7150294d9abbc75e4ee6d2e3b2ca44852350c8ef3602a54ece88335cda79?s=96&d=mm&r=g","url":"https:\/\/secure.gravatar.com\/avatar\/edeb7150294d9abbc75e4ee6d2e3b2ca44852350c8ef3602a54ece88335cda79?s=96&d=mm&r=g","contentUrl":"https:\/\/secure.gravatar.com\/avatar\/edeb7150294d9abbc75e4ee6d2e3b2ca44852350c8ef3602a54ece88335cda79?s=96&d=mm&r=g","caption":"TrueC"}}]}},"_links":{"self":[{"href":"https:\/\/truecare.org\/es\/wp-json\/wp\/v2\/posts\/16233","targetHints":{"allow":["GET"]}}],"collection":[{"href":"https:\/\/truecare.org\/es\/wp-json\/wp\/v2\/posts"}],"about":[{"href":"https:\/\/truecare.org\/es\/wp-json\/wp\/v2\/types\/post"}],"author":[{"embeddable":true,"href":"https:\/\/truecare.org\/es\/wp-json\/wp\/v2\/users\/10"}],"replies":[{"embeddable":true,"href":"https:\/\/truecare.org\/es\/wp-json\/wp\/v2\/comments?post=16233"}],"version-history":[{"count":1,"href":"https:\/\/truecare.org\/es\/wp-json\/wp\/v2\/posts\/16233\/revisions"}],"predecessor-version":[{"id":41626,"href":"https:\/\/truecare.org\/es\/wp-json\/wp\/v2\/posts\/16233\/revisions\/41626"}],"wp:featuredmedia":[{"embeddable":true,"href":"https:\/\/truecare.org\/es\/wp-json\/wp\/v2\/media\/16214"}],"wp:attachment":[{"href":"https:\/\/truecare.org\/es\/wp-json\/wp\/v2\/media?parent=16233"}],"wp:term":[{"taxonomy":"category","embeddable":true,"href":"https:\/\/truecare.org\/es\/wp-json\/wp\/v2\/categories?post=16233"},{"taxonomy":"post_tag","embeddable":true,"href":"https:\/\/truecare.org\/es\/wp-json\/wp\/v2\/tags?post=16233"}],"curies":[{"name":"wp","href":"https:\/\/api.w.org\/{rel}","templated":true}]}}